{"id":60,"date":"2025-10-06T18:42:17","date_gmt":"2025-10-06T18:42:17","guid":{"rendered":"https:\/\/tmcreativos.app\/radiotv\/?post_type=noticia&#038;p=60"},"modified":"2025-10-06T18:42:17","modified_gmt":"2025-10-06T18:42:17","slug":"mario-vizcarra-hermano-del-expresidente-descarto-ser-candidato-presidencial","status":"publish","type":"noticia","link":"https:\/\/tmcreativos.app\/radiotv\/noticias\/mario-vizcarra-hermano-del-expresidente-descarto-ser-candidato-presidencial\/","title":{"rendered":"Mario Vizcarra, hermano del expresidente, descart\u00f3 ser candidato presidencial"},"content":{"rendered":"<p data-mrf-recirculation=\"Links art\u00edculo\"><img loading=\"lazy\" decoding=\"async\" class=\"alignnone wp-image-61 size-full\" src=\"https:\/\/tmcreativos.app\/radiotv\/wp-content\/uploads\/2025\/10\/vizcarra.webp\" alt=\"\" width=\"1000\" height=\"606\" srcset=\"https:\/\/tmcreativos.app\/radiotv\/wp-content\/uploads\/2025\/10\/vizcarra.webp 1000w, https:\/\/tmcreativos.app\/radiotv\/wp-content\/uploads\/2025\/10\/vizcarra-300x182.webp 300w, https:\/\/tmcreativos.app\/radiotv\/wp-content\/uploads\/2025\/10\/vizcarra-768x465.webp 768w\" sizes=\"auto, (max-width: 1000px) 100vw, 1000px\" \/><\/p>\n<p data-mrf-recirculation=\"Links art\u00edculo\"><a href=\"https:\/\/rpp.pe\/politica\/judiciales\/hermano-de-vizcarra-dispuesto-a-ser-candidato-de-peru-primero-aunque-dice-que-expresidente-aun-podria-postular-noticia-1650963\" data-mrf-link=\"https:\/\/rpp.pe\/politica\/judiciales\/hermano-de-vizcarra-dispuesto-a-ser-candidato-de-peru-primero-aunque-dice-que-expresidente-aun-podria-postular-noticia-1650963\">Mario Vizcarra<\/a>, hermano del expresidente\u00a0<strong>Mart\u00edn Vizcarra<\/strong>, dijo que no tiene intenciones de presentarse como el candidato presidencial de Per\u00fa Primero en las\u00a0<a href=\"https:\/\/rpp.pe\/politica\/elecciones\/elecciones-2026-jne-declaro-conformacion-de-33-jurados-electorales-especiales-para-comicios-noticia-1657175\" data-mrf-link=\"https:\/\/rpp.pe\/politica\/elecciones\/elecciones-2026-jne-declaro-conformacion-de-33-jurados-electorales-especiales-para-comicios-noticia-1657175\">Elecciones Generales de 2026.<\/a><\/p>\n<p data-mrf-recirculation=\"Links art\u00edculo\">En declaraciones a\u00a0<em>RPP<\/em>, Vizcarra se mostr\u00f3 sorprendido luego de que su nombre apareciera en algunas encuestas de intenci\u00f3n de voto, que lo sit\u00faan en el tercer lugar y detr\u00e1s de la lideresa de Fuerza Popular,\u00a0<strong>Keiko Fujimori<\/strong>, y el alcalde de Lima,\u00a0<strong>Rafael L\u00f3pez Aliaga.<\/strong><\/p>\n","protected":false},"excerpt":{"rendered":"<p>Mario Vizcarra, hermano del expresidente\u00a0Mart\u00edn Vizcarra, dijo que no tiene intenciones de presentarse como el candidato presidencial de Per\u00fa Primero en las\u00a0Elecciones Generales de 2026. En declaraciones a\u00a0RPP, Vizcarra se mostr\u00f3 sorprendido luego de que su nombre apareciera en algunas encuestas de intenci\u00f3n de voto, que lo sit\u00faan en el tercer lugar y detr\u00e1s de [&hellip;]<\/p>\n","protected":false},"featured_media":61,"template":"","class_list":["post-60","noticia","type-noticia","status-publish","has-post-thumbnail","hentry"],"_links":{"self":[{"href":"https:\/\/tmcreativos.app\/radiotv\/wp-json\/wp\/v2\/noticia\/60","targetHints":{"allow":["GET"]}}],"collection":[{"href":"https:\/\/tmcreativos.app\/radiotv\/wp-json\/wp\/v2\/noticia"}],"about":[{"href":"https:\/\/tmcreativos.app\/radiotv\/wp-json\/wp\/v2\/types\/noticia"}],"wp:featuredmedia":[{"embeddable":true,"href":"https:\/\/tmcreativos.app\/radiotv\/wp-json\/wp\/v2\/media\/61"}],"wp:attachment":[{"href":"https:\/\/tmcreativos.app\/radiotv\/wp-json\/wp\/v2\/media?parent=60"}],"curies":[{"name":"wp","href":"https:\/\/api.w.org\/{rel}","templated":true}]}}