{"id":24,"date":"2025-10-05T23:43:12","date_gmt":"2025-10-05T23:43:12","guid":{"rendered":"https:\/\/tmcreativos.app\/radiotv\/?post_type=noticia&#038;p=24"},"modified":"2025-10-05T23:43:43","modified_gmt":"2025-10-05T23:43:43","slug":"donald-trump-envia-tropas-de-california-a-oregon-en-un-claro-desafio-a-los-dos-estados-democratas","status":"publish","type":"noticia","link":"https:\/\/tmcreativos.app\/radiotv\/noticias\/donald-trump-envia-tropas-de-california-a-oregon-en-un-claro-desafio-a-los-dos-estados-democratas\/","title":{"rendered":"Donald Trump env\u00eda tropas de California a Oreg\u00f3n en un claro desaf\u00edo a los dos estados dem\u00f3cratas"},"content":{"rendered":"<div class=\"article__subtitle\" data-mrf-recirculation=\"Links Subt\u00edtulo\">\n<h2><img loading=\"lazy\" decoding=\"async\" class=\"alignnone wp-image-25 size-full\" src=\"https:\/\/tmcreativos.app\/radiotv\/wp-content\/uploads\/2025\/10\/540854_1799049.webp\" alt=\"\" width=\"1000\" height=\"606\" srcset=\"https:\/\/tmcreativos.app\/radiotv\/wp-content\/uploads\/2025\/10\/540854_1799049.webp 1000w, https:\/\/tmcreativos.app\/radiotv\/wp-content\/uploads\/2025\/10\/540854_1799049-300x182.webp 300w, https:\/\/tmcreativos.app\/radiotv\/wp-content\/uploads\/2025\/10\/540854_1799049-768x465.webp 768w\" sizes=\"auto, (max-width: 1000px) 100vw, 1000px\" \/><\/h2>\n<h2>El\u00a0<strong>gobernador de California<\/strong>,\u00a0<a href=\"https:\/\/rpp.pe\/mundo\/estados-unidos\/gobernador-de-california-dice-que-donald-trump-esta-destruyendo-la-democracia-estadounidense-noticia-1640380\" data-mrf-link=\"https:\/\/rpp.pe\/mundo\/estados-unidos\/gobernador-de-california-dice-que-donald-trump-esta-destruyendo-la-democracia-estadounidense-noticia-1640380\">Gavin Newsom<\/a>, inform\u00f3 que los 300 soldados de la\u00a0<strong>Guardia Nacional de California<\/strong>, que est\u00e1n bajo el mando federal desde junio pasado, van rumbo hacia el estado vecino.<\/h2>\n<\/div>\n<div class=\"body\">\n<p data-mrf-recirculation=\"Links art\u00edculo\">El\u00a0<strong>Gobierno del presidente estadounidense<\/strong>,\u00a0<a href=\"https:\/\/rpp.pe\/mundo\/actualidad\/donald-trump-amenaza-a-hamas-con-la-aniquilacion-total-si-no-cede-el-control-de-gaza-segun-cnn-noticia-1658228\" data-mrf-link=\"https:\/\/rpp.pe\/mundo\/actualidad\/donald-trump-amenaza-a-hamas-con-la-aniquilacion-total-si-no-cede-el-control-de-gaza-segun-cnn-noticia-1658228\">Donald Trump<\/a>, envi\u00f3 este domingo a unos 300 soldados federalizados de\u00a0<a href=\"https:\/\/rpp.pe\/videos\/ampliacion-de-noticias\/familia-de-sheylla-gutierrez-acudio-a-la-cancilleria-para-pedir-apoyo-para-repatriar-el-cuerpo-la-joven-madre-noticia-1651236\" data-mrf-link=\"https:\/\/rpp.pe\/videos\/ampliacion-de-noticias\/familia-de-sheylla-gutierrez-acudio-a-la-cancilleria-para-pedir-apoyo-para-repatriar-el-cuerpo-la-joven-madre-noticia-1651236\">California\u00a0<\/a>a\u00a0<a href=\"https:\/\/rpp.pe\/mundo\/estados-unidos\/donald-trump-autorizo-el-envio-de-tropas-y-el-uso-de-la-fuerza-total-en-portland-noticia-1657116\" data-mrf-link=\"https:\/\/rpp.pe\/mundo\/estados-unidos\/donald-trump-autorizo-el-envio-de-tropas-y-el-uso-de-la-fuerza-total-en-portland-noticia-1657116\">Portland<\/a>, despu\u00e9s que una juez le impidiera usar a la\u00a0<strong>Guardia Nacional de Oreg\u00f3n<\/strong>, en un claro desaf\u00edo a los gobernadores dem\u00f3cratas de esos dos estados.<\/p>\n<p data-mrf-recirculation=\"Links art\u00edculo\">El\u00a0<strong>gobernador de California<\/strong>,\u00a0<a href=\"https:\/\/rpp.pe\/mundo\/estados-unidos\/gobernador-de-california-dice-que-donald-trump-esta-destruyendo-la-democracia-estadounidense-noticia-1640380\" data-mrf-link=\"https:\/\/rpp.pe\/mundo\/estados-unidos\/gobernador-de-california-dice-que-donald-trump-esta-destruyendo-la-democracia-estadounidense-noticia-1640380\">Gavin Newsom<\/a>, inform\u00f3 que los 300 soldados de la\u00a0<strong>Guardia Nacional de California<\/strong>, que est\u00e1n bajo el mando federal desde junio pasado, van rumbo hacia el estado vecino.<\/p>\n<\/div>\n","protected":false},"excerpt":{"rendered":"<p>El\u00a0gobernador de California,\u00a0Gavin Newsom, inform\u00f3 que los 300 soldados de la\u00a0Guardia Nacional de California, que est\u00e1n bajo el mando federal desde junio pasado, van rumbo hacia el estado vecino. El\u00a0Gobierno del presidente estadounidense,\u00a0Donald Trump, envi\u00f3 este domingo a unos 300 soldados federalizados de\u00a0California\u00a0a\u00a0Portland, despu\u00e9s que una juez le impidiera usar a la\u00a0Guardia Nacional de Oreg\u00f3n, [&hellip;]<\/p>\n","protected":false},"featured_media":25,"template":"","class_list":["post-24","noticia","type-noticia","status-publish","has-post-thumbnail","hentry"],"_links":{"self":[{"href":"https:\/\/tmcreativos.app\/radiotv\/wp-json\/wp\/v2\/noticia\/24","targetHints":{"allow":["GET"]}}],"collection":[{"href":"https:\/\/tmcreativos.app\/radiotv\/wp-json\/wp\/v2\/noticia"}],"about":[{"href":"https:\/\/tmcreativos.app\/radiotv\/wp-json\/wp\/v2\/types\/noticia"}],"wp:featuredmedia":[{"embeddable":true,"href":"https:\/\/tmcreativos.app\/radiotv\/wp-json\/wp\/v2\/media\/25"}],"wp:attachment":[{"href":"https:\/\/tmcreativos.app\/radiotv\/wp-json\/wp\/v2\/media?parent=24"}],"curies":[{"name":"wp","href":"https:\/\/api.w.org\/{rel}","templated":true}]}}